[{"@context":"https:\/\/schema.org\/","@type":"Article","@id":"https:\/\/www.bpq.sk\/rozuzlenie\/#Article","mainEntityOfPage":"https:\/\/www.bpq.sk\/rozuzlenie\/","headline":"Roz\u00fazlenie","name":"Roz\u00fazlenie","description":"\u010co si \u013eudia predstavia pod pojmom politika? Niekto si predstav\u00ed moc alebo niekto korupciu . Vi\u010f predch\u00e1dzaj\u00face dni sme mali mo\u017enos\u0165 by\u0165 pri tom to bolo 6.4.2024. Viete \u010do m\u00e1m na mysli. Ak\u00e9 perli\u010dky sa dozved\u00e1me ako sa kup\u010d\u00ed \u010do sa t\u00fdka pe\u0148az\u00ed . Potom sa nie \u010do \u010dudova\u0165 \u017ee nie na v\u00fdplaty \u010di d\u00f4chodky [&hellip;]","datePublished":"2023-10-15","dateModified":"2024-04-15","author":{"@type":"Person","@id":"https:\/\/www.bpq.sk\/author\/devene\/#Person","name":"devene","url":"https:\/\/www.bpq.sk\/author\/devene\/","identifier":1,"image":{"@type":"ImageObject","@id":"https:\/\/secure.gravatar.com\/avatar\/7c144e1de0ecc43e7a8353c804f0c7ea63c9554336576e7048c4bdeaa59bbbbb?s=96&d=mm&r=g","url":"https:\/\/secure.gravatar.com\/avatar\/7c144e1de0ecc43e7a8353c804f0c7ea63c9554336576e7048c4bdeaa59bbbbb?s=96&d=mm&r=g","height":96,"width":96}},"publisher":{"@type":"Organization","name":"bpq.sk","logo":{"@type":"ImageObject","@id":"\/logo.png","url":"\/logo.png","width":600,"height":60}},"image":{"@type":"ImageObject","@id":"https:\/\/www.bpq.sk\/wp-content\/uploads\/pexels-pixabay-259234_10_10_7.jpg","url":"https:\/\/www.bpq.sk\/wp-content\/uploads\/pexels-pixabay-259234_10_10_7.jpg","height":0,"width":0},"url":"https:\/\/www.bpq.sk\/rozuzlenie\/","about":["Politika"],"wordCount":553,"articleBody":"\u010co si \u013eudia predstavia pod pojmom politika? Niekto si predstav\u00ed moc alebo niekto korupciu . Vi\u010f predch\u00e1dzaj\u00face dni sme mali mo\u017enos\u0165 by\u0165 pri tom to bolo 6.4.2024. Viete \u010do m\u00e1m na mysli. Ak\u00e9 perli\u010dky sa dozved\u00e1me ako sa kup\u010d\u00ed \u010do sa t\u00fdka pe\u0148az\u00ed . Potom sa nie \u010do \u010dudova\u0165 \u017ee nie na v\u00fdplaty \u010di d\u00f4chodky \u017ee n\u00e1m sa ujde omrvinka. Ke\u010f\u00a0 ako blesk z jasn\u00e9ho neba pri\u0161li na \u00fa\u010det peniaze ktor\u00e9 tam nemali by\u0165. Ale t\u00e1ka suma \u017ee sa v\u00e1m a\u017e hlava zato\u010d\u00ed a mozog zastane. Nejdeme aj my oby\u010dajn\u00fd \u013eud robi\u0165 maj\u00fa dobr\u00fd biznis t\u00edto p\u00e1ni. \u010co vy na to. Ak pozn\u00e1te na\u0161u kr\u00e1snu hymnu tak viete \u010do sa tam spieva citujem &#8211; druh\u00e1 strofa To Slovensko na\u0161e posia\u013e tvrdo spalo ale blesky hromu vzbudzuj\u00fa ho k tomu aby sa prebralo. Mne sa p\u00e1\u010di na\u0161a hymna SK. Len \u0161koda pre\u0161koda \u017ee Slov\u00e1ci sa e\u0161te neprebrali tak ako sa spieva v hymne . Ak\u00e9 \u0161trajky sa robili ale ni\u010d sa neudialo doposia\u013e. Ke\u010f sa zamysl\u00edme nad t\u00fdm tak je toto povolanie skvel\u00fd biznis oplatil by sa robi\u0165. Ako vieme \u017ee tento odbor si svoje \u00faskalie berie. \u010co som \u010d\u00edtala je politika gr\u00e9ckeho povedomia znamen\u00e1 riadenie \u0161t\u00e1tu aj to umenie. Od vzniku samostatnej krajiny mali sme doposia\u013e p\u00e4\u0165 prezidentov. Teraz bude \u0161iesty. Uvid\u00edme \u010do bude. \u010ci nastol\u00edme farby d\u00fahy alebo \u010di to bude po starom. Bohvie ako by to vyzeralo keby \u017ee sa nezrod\u00ed pojem politika ako tak\u00e1 . Mo\u017eno by sa \u017eilo na divoko. Boli by sme asi ako Indi\u00e1ni ale bolo by mo\u017eno lep\u0161ie to vie len samotn\u00fd p\u00e1n Boh. Pozrime sa trochu do hist\u00f3rie vzniku politika sa vytvorila tzv. antickom Gr\u00e9cku brali ju ako rozumn\u00fa vec pre verejnos\u0165. Postupne sa rozv\u00edjala a\u017e do dne\u0161nej podoby.Obdivujem \u013eud\u00ed mlad\u00fdch \u010do sa daj\u00fa na tento smer \u0161t\u00fadium Politol\u00f3gie ono v druhom h\u013eadisku je to super pr\u00e1ca ale aj zlo\u017eit\u00e1 a riskantn\u00e1. Ve\u013ea politikov a pod. definuje tento v\u00fdvoj odbor ho naz\u00fdvaj\u00fa \u017ee to nie je extra veda je to tzv. umenie pl\u00e1novania a pod. Vyslovil to Nemec B. No podot\u00fdkam t\u00e1to krajina je krajina z\u00e1zrakov \u010do sa tu u\u017e deje je \u017ee sa to tu deje na po\u010dkanie nemus\u00edme \u010daka\u0165 do troch dn\u00ed. Alebo ako bol raz jeden v\u00fdrok daj mi cukor alebo sloboda rovn\u00e1 sa demokracia. Len sa pozrime \u010do sa deje napr. Brusel hroz\u00ed n\u00e1m \u017ee nedostaneme tzv. Euro fondy. A \u010fal\u0161ia vec je keby sme sa nebodaj odpojili od EU nedopadlo by to dobr\u00e9. Vraj ekonomika bude r\u00e1s\u0165 haha. \u017de sa zn\u00ed\u017eila sa nezamestnanos\u0165 kde ve\u010f s\u00fa pln\u00e9 \u00darady pr\u00e1ce. Ke\u010f tak v\u00e1s lan\u00e1ria do automobilky nas\u013eubuj\u00fa hory doly \u017ee vraj 2700 eur v hrubom. Zauj\u00edmav\u00e9 \u017ee im to nikto nechce bra\u0165 ozaj keby to bolo tak\u00e9 v\u00fdhodn\u00e9 tak by sa ur\u010dite trhali o t\u00fa pr\u00e1cu. Sam\u00e9 klamstv\u00e1. \u0160tudujte ve\u013ea \u010d\u00edtajte zauj\u00edmajte sa aj o politiku ako tak\u00fa aby si sme mali aspo\u0148 nejak\u00fd preh\u013ead. M\u00e1me slne\u010dn\u00fd jarn\u00ed de\u0148 usmievajme sa.                                                                                                                                                                                                                                                                                                                                                                                                "},{"@context":"https:\/\/schema.org\/","@type":"BreadcrumbList","itemListElement":[{"@type":"ListItem","position":1,"name":"Roz\u00fazlenie","item":"https:\/\/www.bpq.sk\/rozuzlenie\/#breadcrumbitem"}]}]