[{"@context":"https:\/\/schema.org\/","@type":"Article","@id":"https:\/\/www.bpq.sk\/pisem-rada-pisem-vela\/#Article","mainEntityOfPage":"https:\/\/www.bpq.sk\/pisem-rada-pisem-vela\/","headline":"P\u00ed\u0161em rada, p\u00ed\u0161em ve\u013ea","name":"P\u00ed\u0161em rada, p\u00ed\u0161em ve\u013ea","description":"P\u00ed\u0161ete radi alebo len ako sa hovor\u00ed v\u00a0nutnej sebaobrane? S\u00fa toti\u017e jedinci, ktor\u00ed neust\u00e1le nie\u010do spisuj\u00fa, preto\u017ee t\u00fdmto sp\u00f4sobom relaxuj\u00fa a\u00a0bav\u00ed ich to. A\u00a0potom s\u00fa tu aj t\u00ed, ktor\u00fdch to nielen\u017ee nebav\u00ed, ale k\u00a0p\u00edsomn\u00e9mu prejavu maj\u00fa doslova odpor. Obidve tieto skupiny v\u0161ak maj\u00fa nie\u010do spolo\u010dn\u00e9. Ke\u010f ide o\u00a0p\u00edsanie odborn\u00e9ho diela, ako je napr\u00edklad semin\u00e1rna pr\u00e1ca [&hellip;]","datePublished":"2023-01-09","dateModified":"2024-01-12","author":{"@type":"Person","@id":"https:\/\/www.bpq.sk\/author\/devene\/#Person","name":"devene","url":"https:\/\/www.bpq.sk\/author\/devene\/","identifier":1,"image":{"@type":"ImageObject","@id":"https:\/\/secure.gravatar.com\/avatar\/7c144e1de0ecc43e7a8353c804f0c7ea63c9554336576e7048c4bdeaa59bbbbb?s=96&d=mm&r=g","url":"https:\/\/secure.gravatar.com\/avatar\/7c144e1de0ecc43e7a8353c804f0c7ea63c9554336576e7048c4bdeaa59bbbbb?s=96&d=mm&r=g","height":96,"width":96}},"publisher":{"@type":"Organization","name":"bpq.sk","logo":{"@type":"ImageObject","@id":"\/logo.png","url":"\/logo.png","width":600,"height":60}},"url":"https:\/\/www.bpq.sk\/pisem-rada-pisem-vela\/","wordCount":236,"articleBody":"P\u00ed\u0161ete radi alebo len ako sa hovor\u00ed v\u00a0nutnej sebaobrane? S\u00fa toti\u017e jedinci, ktor\u00ed neust\u00e1le nie\u010do spisuj\u00fa, preto\u017ee t\u00fdmto sp\u00f4sobom relaxuj\u00fa a\u00a0bav\u00ed ich to. A\u00a0potom s\u00fa tu aj t\u00ed, ktor\u00fdch to nielen\u017ee nebav\u00ed, ale k\u00a0p\u00edsomn\u00e9mu prejavu maj\u00fa doslova odpor. Obidve tieto skupiny v\u0161ak maj\u00fa nie\u010do spolo\u010dn\u00e9. Ke\u010f ide o\u00a0p\u00edsanie odborn\u00e9ho diela, ako je napr\u00edklad semin\u00e1rna pr\u00e1ca alebo diplomovka, odpor je u\u00a0obidvoch skup\u00edn rovnak\u00fd.\tOdborn\u00fd jazyk mi nejde pod prstyZ\u00a0vlastnej sk\u00fasenosti to m\u00f4\u017eem iba potvrdi\u0165. Od z\u00e1kladnej \u0161koly som patrila k\u00a0n\u00e1dejn\u00fdm spisovate\u013esk\u00fdm talentom a\u00a0tak som si myslela, \u017ee aj vysok\u00e1 \u0161kola prebehne bez v\u00e4\u010d\u0161\u00edch probl\u00e9mov. Mo\u017eno som urobila chybu, \u017ee som ne\u0161tudovala rodn\u00fa re\u010d, ale mo\u017eno v\u00a0kone\u010dnom d\u00f4sledku na tom ani nez\u00e1le\u017e\u00ed. Hovori\u0165, vlastne p\u00edsa\u0165 odbornou re\u010dou mi akosi ne\u0161lo. Zrazu to neboli vymyslen\u00e9 pr\u00edbehy a\u00a0n\u00e1padit\u00e9 metafory, len hol\u00e9 fakty. Stroh\u00e9 a\u00a0nudn\u00e9. Ni\u010d sa v\u0161ak nedalo robi\u0165, nakoniec som to nejako zvl\u00e1dla. Ale m\u00f4\u017eem s\u00a0\u010dist\u00fdm svedom\u00edm potvrdi\u0165, \u017ee pr\u00e1ve na tieto svoje diela zas a\u017e tak\u00e1 hrd\u00e1 nie som. Na druhej strane, tak\u00fdch, ktor\u00ed sa v\u00a0tom vy\u017e\u00edvaj\u00fa, je st\u00e1le ako \u0161afranu. Aspo\u0148 v\u00a0mojom okol\u00ed.                                                                                                                                                                                                                                                                                                                                                                                                "},{"@context":"https:\/\/schema.org\/","@type":"BreadcrumbList","itemListElement":[{"@type":"ListItem","position":1,"name":"P\u00ed\u0161em rada, p\u00ed\u0161em ve\u013ea","item":"https:\/\/www.bpq.sk\/pisem-rada-pisem-vela\/#breadcrumbitem"}]}]