[{"@context":"https:\/\/schema.org\/","@type":"Article","@id":"https:\/\/www.bpq.sk\/nekradnime-detom-stastie\/#Article","mainEntityOfPage":"https:\/\/www.bpq.sk\/nekradnime-detom-stastie\/","headline":"Nekradnime de\u0165om \u0161\u0165astie","name":"Nekradnime de\u0165om \u0161\u0165astie","description":"Za\u010dnem poh\u013eadu mojej \u0161tudentky Karin je to maturantka ktor\u00e1 sa stala ned\u00e1vno maminkou m\u00e1 b\u00e1b\u00e4tko diev\u010datko DOROTKU\u00a0je to dobr\u00e9 diev\u010da ve\u013emi\u00a0na t\u00fato dobu. Skromn\u00e9 slu\u0161n\u00e9 tak\u00e9 by som povedala e\u0161te neof\u00fakane vetrom \u010dasu na to ak\u00e1 je mlad\u00e1. Dnes tak\u00e9to rozumn\u00e9 dobr\u00e9 diev\u010dat\u00e1 slu\u0161ne vychovan\u00e9 ani nevidno. Sam\u00e1 drzos\u0165 vl\u00e1dne v\u0161ade a plus tzv. tetovania [&hellip;]","datePublished":"2024-01-22","dateModified":"2024-04-22","author":{"@type":"Person","@id":"https:\/\/www.bpq.sk\/author\/devene\/#Person","name":"devene","url":"https:\/\/www.bpq.sk\/author\/devene\/","identifier":1,"image":{"@type":"ImageObject","@id":"https:\/\/secure.gravatar.com\/avatar\/7c144e1de0ecc43e7a8353c804f0c7ea63c9554336576e7048c4bdeaa59bbbbb?s=96&d=mm&r=g","url":"https:\/\/secure.gravatar.com\/avatar\/7c144e1de0ecc43e7a8353c804f0c7ea63c9554336576e7048c4bdeaa59bbbbb?s=96&d=mm&r=g","height":96,"width":96}},"publisher":{"@type":"Organization","name":"bpq.sk","logo":{"@type":"ImageObject","@id":"\/logo.png","url":"\/logo.png","width":600,"height":60}},"image":{"@type":"ImageObject","@id":"https:\/\/www.bpq.sk\/wp-content\/uploads\/woman-8643499_640_1.png","url":"https:\/\/www.bpq.sk\/wp-content\/uploads\/woman-8643499_640_1.png","height":0,"width":0},"url":"https:\/\/www.bpq.sk\/nekradnime-detom-stastie\/","about":["Deti"],"wordCount":610,"articleBody":"Za\u010dnem poh\u013eadu mojej \u0161tudentky Karin je to maturantka ktor\u00e1 sa stala ned\u00e1vno maminkou m\u00e1 b\u00e1b\u00e4tko diev\u010datko DOROTKU\u00a0je to dobr\u00e9 diev\u010da ve\u013emi\u00a0na t\u00fato dobu. Skromn\u00e9 slu\u0161n\u00e9 tak\u00e9 by som povedala e\u0161te neof\u00fakane vetrom \u010dasu na to ak\u00e1 je mlad\u00e1. Dnes tak\u00e9to rozumn\u00e9 dobr\u00e9 diev\u010dat\u00e1 slu\u0161ne vychovan\u00e9 ani nevidno. Sam\u00e1 drzos\u0165 vl\u00e1dne v\u0161ade a plus tzv. tetovania ako sa to naz\u00fdva KERKY hrozn\u00e9 \u017ee to t\u00ed rodi\u010dia povolia pre m\u0148a je to pr\u00edzemn\u00e9 primit\u00edvne tie\u017e vulg\u00e1rne. Tejto mojej \u0161tudentky maminka je u\u010dite\u013eka je to star\u0161ia pani ale tak\u00e1 fajn. Vo\u010di n\u00e1m sa spr\u00e1vaj\u00fa ako k rodine. Jaj mamina mi nap\u00edsala \u017ee a\u017e dobre skon\u010d\u00ed moje zlatko Karinka tak ma poz\u00fdvaj\u00fa ku nim v lete bude mi pote\u0161en\u00edm ich spozna\u0165. Poviem v\u00e1m \u00faprimne dnes n\u00e1js\u0165 slu\u0161n\u00fdch \u013eud\u00ed je umenie. S\u00fa to \u013eudia m\u00f4jmu srdcu bl\u00edzky. Priatelia na cel\u00fd \u017eivot . Doba prinesie aj dobr\u00e9 aj zl\u00e9 str\u00e1nky ako vieme. Mali by sme sa viac zamera\u0165 na tie dobr\u00e9 str\u00e1nky. Ako sa hovor\u00ed \u017ee deti s\u00fa na\u0161a bud\u00facnos\u0165 ale ko\u013eko \u017eien bu\u010f nechce ma\u0165 alebo nem\u00f4\u017ee. Ja ke\u010f som bola mlad\u0161ia chcela som die\u0165a ale ke\u010f\u00a0 \u010dlovek vid\u00ed ak\u00e1 je doba tak a m\u00e1 o p\u00e1r rokov viac u\u017e by som do toho ne\u0161la lebo je krut\u00e1 doba neistota. Ako ex kamo\u0161ka Monika m\u00e1 probl\u00e9my nu\u017e aj vek pomaly 45 rokov silou mocou deti chce chor\u00e9 post\u00fapila v\u0161eli\u010do nebudem to tu rozpisova\u0165 vyhodila za to ve\u013ea peniaze. Chor\u00e1 na hlavu. Mne minule u\u017e cirka mesiac ako sme sa poh\u00e1dali pre ni\u010d za ni\u010d \u017ee vraj je od razu tehotn\u00e1 chor\u00e9 sk\u00f4r si tipujem \u017ee pije ako d\u00faha aj jej frajer . T\u00e1 a deti \u013eutujem ich vopred t\u00e1 je tak\u00e1 strelen\u00e1 a\u017e hr\u00faza b\u00fdvaj\u00fa na hoteli 5 rok doma nem\u00f4\u017ee by\u0165 lebo jej mama jej priate\u013ea\u00a0nezn\u00e1\u0161a ako u bl\u00e1znov ta nie je norm\u00e1lna ani trochu. Asi chudera nech\u00e1pe ak\u00e1 je doba v pritom nem\u00e1 pr\u00e1cu len invalidn\u00fd d\u00f4chodok mizern\u00fd cez 200 eur on nerob\u00ed jej partner m\u00e1 ru\u017eov\u00e9 okuliare chor\u00e9.Ne\u017eije asi v re\u00e1li. Ostala by na ulici to si p\u00ed\u0161te. Nezmysli t\u00e1ra \u017ee ona m\u00e1 na\u0161etren\u00e9 \u017ee jej bud\u00faca svokra pom\u00e1ha t\u00e1 ned\u00fdchne ani pravdou t\u00e1 by dopadla ako jedna baba jej ako \u017ee priate\u013e narobil 3 deti v\u0161etko zdravotne postihnut\u00e9 a nechal ju. Rob\u00ed len podradn\u00fa robotu ako VPP verejn\u00e9 pr\u00e1ce upratuje mesto za p\u00e1r drobn\u00fdch Marta si myslela \u017ee ma\u0165 chlapa a decko \u017ee je med l\u00edza\u0165 \u0161ibnut\u00e1. Narobila si kr\u00ed\u017e na cel\u00fd \u017eivot m\u00e1m dojem \u017ee jej deti zobrali do \u00fastavu ve\u010f v\u00f4bec sa nevedela o deti postara\u0165 \u0161pinav\u00e9 chodili aj hladn\u00e9. Jej rodi\u010dia umreli ke\u010f mala 16 rokov ona m\u00e1 star\u0161\u00edch s\u00farodencov s\u00fa 4 s\u00farodenci soci\u00e1lna rodina otec zl\u00fd alkoholik bil ich mama jej bola u\u010dite\u013eka v M\u0160 ale tak\u00e1 chudera ubolen\u00e1. A \u017eivot sa opakuje ba dokonca hor\u0161\u00ed aj Monika tak isto dopadne lebo nerozm\u00fd\u0161\u013ea. Niektor\u00e9 \u017eeny \u010di mlad\u00e9 \u010di nie\u010do star\u0161ie s\u00fa hl\u00fape myslia si \u017ee die\u0165a je hra\u010dka ktor\u00fa zavesia na \u0161pag\u00e1t a nechaj\u00fa tak haha chor\u00e9. Die\u0165a potrebuje opateru 24 h a hlavne b\u00e1b\u00e4tko mal\u00e9. Ve\u013ea \u013eud\u00ed je nezodpovedn\u00fdch \u010do sa toho t\u00fdka zato s\u00fa pln\u00e9 domovy.\u00a0                                                                                                                                                                                                                                                                                                                                                                                                "},{"@context":"https:\/\/schema.org\/","@type":"BreadcrumbList","itemListElement":[{"@type":"ListItem","position":1,"name":"Nekradnime de\u0165om \u0161\u0165astie","item":"https:\/\/www.bpq.sk\/nekradnime-detom-stastie\/#breadcrumbitem"}]}]